{"id":290,"date":"2018-03-09T17:52:22","date_gmt":"2018-03-09T16:52:22","guid":{"rendered":"https:\/\/trachtenkapelle-strittmatt.de\/WordPress_03\/?p=290"},"modified":"2020-02-17T13:50:38","modified_gmt":"2020-02-17T12:50:38","slug":"die-neue-homepage","status":"publish","type":"post","link":"https:\/\/trachtenkapelle-strittmatt.de\/WordPress_03\/die-neue-homepage\/","title":{"rendered":"Die neue Homepage"},"content":{"rendered":"<h5><img loading=\"lazy\" decoding=\"async\" class=\"alignnone wp-image-248 size-full\" src=\"https:\/\/trachtenkapelle-strittmatt.de\/WordPress_03\/wp-content\/uploads\/2018\/02\/gruppe_instrumente_hoch.jpg\" alt=\"\" width=\"900\" height=\"600\" srcset=\"https:\/\/trachtenkapelle-strittmatt.de\/WordPress_03\/wp-content\/uploads\/2018\/02\/gruppe_instrumente_hoch.jpg 900w, https:\/\/trachtenkapelle-strittmatt.de\/WordPress_03\/wp-content\/uploads\/2018\/02\/gruppe_instrumente_hoch-300x200.jpg 300w, https:\/\/trachtenkapelle-strittmatt.de\/WordPress_03\/wp-content\/uploads\/2018\/02\/gruppe_instrumente_hoch-768x512.jpg 768w, https:\/\/trachtenkapelle-strittmatt.de\/WordPress_03\/wp-content\/uploads\/2018\/02\/gruppe_instrumente_hoch-272x182.jpg 272w\" sizes=\"auto, (max-width: 900px) 100vw, 900px\" \/><\/h5>\n<p>Endlich ist sie da!<\/p>\n<p>Nach einer gef\u00fchlten Ewigkeit sind wir stolz, euch unsere neue Homepage vorstellen zu d\u00fcrfen.<\/p>\n<p>Hier findet ihr alles \u00fcber uns, von aktuellen Infos bis hin zu witzigen Registerbildern.<\/p>\n<p>Wir w\u00fcnschen viel Spa\u00df beim erkunden!<\/p>\n","protected":false},"excerpt":{"rendered":"<p>Endlich ist sie da! Nach einer gef\u00fchlten Ewigkeit sind wir stolz, euch unsere neue Homepage vorstellen zu d\u00fcrfen. Hier findet ihr alles \u00fcber uns, von aktuellen Infos bis hin zu witzigen Registerbildern. Wir w\u00fcnschen viel Spa\u00df beim erkunden!<\/p>\n","protected":false},"author":1,"featured_media":0,"comment_status":"open","ping_status":"open","sticky":false,"template":"","format":"image","meta":{"_acf_changed":false,"footnotes":""},"categories":[1],"tags":[],"class_list":["post-290","post","type-post","status-publish","format-image","hentry","category-sonstiges","post_format-post-format-image"],"acf":[],"_links":{"self":[{"href":"https:\/\/trachtenkapelle-strittmatt.de\/WordPress_03\/wp-json\/wp\/v2\/posts\/290","targetHints":{"allow":["GET"]}}],"collection":[{"href":"https:\/\/trachtenkapelle-strittmatt.de\/WordPress_03\/wp-json\/wp\/v2\/posts"}],"about":[{"href":"https:\/\/trachtenkapelle-strittmatt.de\/WordPress_03\/wp-json\/wp\/v2\/types\/post"}],"author":[{"embeddable":true,"href":"https:\/\/trachtenkapelle-strittmatt.de\/WordPress_03\/wp-json\/wp\/v2\/users\/1"}],"replies":[{"embeddable":true,"href":"https:\/\/trachtenkapelle-strittmatt.de\/WordPress_03\/wp-json\/wp\/v2\/comments?post=290"}],"version-history":[{"count":4,"href":"https:\/\/trachtenkapelle-strittmatt.de\/WordPress_03\/wp-json\/wp\/v2\/posts\/290\/revisions"}],"predecessor-version":[{"id":495,"href":"https:\/\/trachtenkapelle-strittmatt.de\/WordPress_03\/wp-json\/wp\/v2\/posts\/290\/revisions\/495"}],"wp:attachment":[{"href":"https:\/\/trachtenkapelle-strittmatt.de\/WordPress_03\/wp-json\/wp\/v2\/media?parent=290"}],"wp:term":[{"taxonomy":"category","embeddable":true,"href":"https:\/\/trachtenkapelle-strittmatt.de\/WordPress_03\/wp-json\/wp\/v2\/categories?post=290"},{"taxonomy":"post_tag","embeddable":true,"href":"https:\/\/trachtenkapelle-strittmatt.de\/WordPress_03\/wp-json\/wp\/v2\/tags?post=290"}],"curies":[{"name":"wp","href":"https:\/\/api.w.org\/{rel}","templated":true}]}}